{"id":5717,"date":"2015-10-02T08:31:54","date_gmt":"2015-10-02T07:31:54","guid":{"rendered":"http:\/\/www.michaelamogath.de\/?p=5717"},"modified":"2016-02-27T20:43:12","modified_gmt":"2016-02-27T19:43:12","slug":"cool-boy-13-tage","status":"publish","type":"post","link":"https:\/\/www.michaelamogath.de\/?p=5717","title":{"rendered":"Cool Boy &#8211; 13 Tage"},"content":{"rendered":"<p>Zarte 13 Tage alt war er, als er mit seinen Eltern zu mir kam. Man sollte ja meinen, dass die Zwerge in dem Alter schlafen, wenn\u00b4s sch\u00f6n warm und kuschelig ist.. aber nichts zu wollen bei dem s\u00fc\u00dfen Fratz.<br \/>\nUnd schaut Euch mal die obercoolen Sch\u00fchchen an !!!<\/p>\n<p><img loading=\"lazy\" decoding=\"async\" class=\"alignnone size-full wp-image-5934\" src=\"https:\/\/www.michaelamogath.de\/wp-content\/uploads\/2015\/10\/Baby4.png\" alt=\"Baby4\" width=\"940\" height=\"627\" srcset=\"https:\/\/www.michaelamogath.de\/wp-content\/uploads\/2015\/10\/Baby4.png 940w, https:\/\/www.michaelamogath.de\/wp-content\/uploads\/2015\/10\/Baby4-300x200.png 300w, https:\/\/www.michaelamogath.de\/wp-content\/uploads\/2015\/10\/Baby4-768x512.png 768w\" sizes=\"auto, (max-width: 940px) 100vw, 940px\" \/><\/p>\n<p><img loading=\"lazy\" decoding=\"async\" class=\"alignnone size-full wp-image-5935\" src=\"https:\/\/www.michaelamogath.de\/wp-content\/uploads\/2015\/10\/Baby5.png\" alt=\"Baby5\" width=\"940\" height=\"627\" srcset=\"https:\/\/www.michaelamogath.de\/wp-content\/uploads\/2015\/10\/Baby5.png 940w, https:\/\/www.michaelamogath.de\/wp-content\/uploads\/2015\/10\/Baby5-300x200.png 300w, https:\/\/www.michaelamogath.de\/wp-content\/uploads\/2015\/10\/Baby5-768x512.png 768w\" sizes=\"auto, (max-width: 940px) 100vw, 940px\" \/><\/p>\n<p>&nbsp;<\/p>\n","protected":false},"excerpt":{"rendered":"<p>Zarte 13 Tage alt war er, als er mit seinen Eltern zu mir kam. Man sollte&hellip;<\/p>\n","protected":false},"author":1,"featured_media":5934,"comment_status":"open","ping_status":"open","sticky":false,"template":"","format":"image","meta":{"ngg_post_thumbnail":0,"footnotes":""},"categories":[4],"tags":[57,40],"class_list":["post-5717","post","type-post","status-publish","format-image","has-post-thumbnail","hentry","category-babys","tag-baby-fotografie-ebern-hassberge-bamberg-coburg","tag-michaela-mogath","post_format-post-format-image"],"_links":{"self":[{"href":"https:\/\/www.michaelamogath.de\/index.php?rest_route=\/wp\/v2\/posts\/5717","targetHints":{"allow":["GET"]}}],"collection":[{"href":"https:\/\/www.michaelamogath.de\/index.php?rest_route=\/wp\/v2\/posts"}],"about":[{"href":"https:\/\/www.michaelamogath.de\/index.php?rest_route=\/wp\/v2\/types\/post"}],"author":[{"embeddable":true,"href":"https:\/\/www.michaelamogath.de\/index.php?rest_route=\/wp\/v2\/users\/1"}],"replies":[{"embeddable":true,"href":"https:\/\/www.michaelamogath.de\/index.php?rest_route=%2Fwp%2Fv2%2Fcomments&post=5717"}],"version-history":[{"count":6,"href":"https:\/\/www.michaelamogath.de\/index.php?rest_route=\/wp\/v2\/posts\/5717\/revisions"}],"predecessor-version":[{"id":5938,"href":"https:\/\/www.michaelamogath.de\/index.php?rest_route=\/wp\/v2\/posts\/5717\/revisions\/5938"}],"wp:featuredmedia":[{"embeddable":true,"href":"https:\/\/www.michaelamogath.de\/index.php?rest_route=\/wp\/v2\/media\/5934"}],"wp:attachment":[{"href":"https:\/\/www.michaelamogath.de\/index.php?rest_route=%2Fwp%2Fv2%2Fmedia&parent=5717"}],"wp:term":[{"taxonomy":"category","embeddable":true,"href":"https:\/\/www.michaelamogath.de\/index.php?rest_route=%2Fwp%2Fv2%2Fcategories&post=5717"},{"taxonomy":"post_tag","embeddable":true,"href":"https:\/\/www.michaelamogath.de\/index.php?rest_route=%2Fwp%2Fv2%2Ftags&post=5717"}],"curies":[{"name":"wp","href":"https:\/\/api.w.org\/{rel}","templated":true}]}}